{"id":1662,"date":"2018-12-16T10:48:17","date_gmt":"2018-12-16T09:48:17","guid":{"rendered":"https:\/\/roswitha-faist.at\/?p=1662"},"modified":"2019-12-17T19:31:42","modified_gmt":"2019-12-17T18:31:42","slug":"besinnlichkeit","status":"publish","type":"post","link":"https:\/\/roswitha-faist.at\/?p=1662","title":{"rendered":"Besinnlichkeit"},"content":{"rendered":"<h3 style=\"text-align: left;\">Mit dabei Sein d\u00fcrfen, zur w\u00fcrdigen Gedenkfeier von Peter Rosegger in der Grazer Oper, war ein besinnliches Erlebnis von besonderer Intensit\u00e4t.<\/h3>\n<h3 style=\"text-align: left;\"><img loading=\"lazy\" decoding=\"async\" class=\"size-medium wp-image-1664 alignleft\" src=\"https:\/\/roswitha-faist.at\/wp-content\/uploads\/2018\/12\/20181214_193910_resized-300x169.jpg\" alt=\"\" width=\"300\" height=\"169\" srcset=\"https:\/\/roswitha-faist.at\/wp-content\/uploads\/2018\/12\/20181214_193910_resized-300x169.jpg 300w, https:\/\/roswitha-faist.at\/wp-content\/uploads\/2018\/12\/20181214_193910_resized-768x432.jpg 768w, https:\/\/roswitha-faist.at\/wp-content\/uploads\/2018\/12\/20181214_193910_resized-1024x576.jpg 1024w, https:\/\/roswitha-faist.at\/wp-content\/uploads\/2018\/12\/20181214_193910_resized.jpg 1182w\" sizes=\"(max-width: 300px) 100vw, 300px\" \/><\/h3>\n<p>Meine liebe Freundin Andrea He\u00dfler schenkte mir und meinem Mann dazu die Tickets.<\/p>\n<p><strong>Herzlichen Dank daf\u00fcr liebe Andrea, du hast dir dabei sehr wohl etwas gedacht.<\/strong><\/p>\n<p>Nun m\u00f6chte ich meine Eindr\u00fccke dazu in meiner Art und Weise beschreiben, denn die Geschichte von Peter Rosegger ist ja ein Teil meiner eigenen Geschichte, die sich jetzt in meinem Leben offenbart. Was f\u00fcr eine g\u00f6ttliche F\u00fcgung, welches Gl\u00fcck ich habe, meiner pers\u00f6nlichen Lebensweise in einer Form von Einfachheit, Gro\u00dfz\u00fcgigkeit und Liebe, die mir von Menschen entgegengebracht wird, so bewusst erleben und erfahren zu d\u00fcrfen.<\/p>\n<p>Diese k\u00fcnstlerische Darbietung in der Oper war gro\u00dfartig, deren Inhalt eines breiten vielf\u00e4ltigen Repertoire <strong>christlicher Tradition wertevermittelnd<\/strong>, wie sie in<strong> der Steiermark<\/strong> und dar\u00fcber hinaus gelebt wird, zum Ausdruck brachte.<\/p>\n<p>Es war ein harmonisches Zusammenwirken aller Mitwirkenden und dar\u00fcber hinaus wurde auch das Publikum integriert, indem nach dem Finale zum Mitsingen einiger Adventlieder mit den K\u00fcnstlern\/Innen das Konzert beendet wurde.<\/p>\n<p>Die Menschen schienen mir alle so vertraut, es stimmte die Chemie, es war eine wundersch\u00f6ne vorweihnachtliche Stimmung in der Grazer Oper, ganz im Sinne von <strong>Peter Rosegger.<\/strong><\/p>\n<p><strong>Peter Rosegger \/ Weihnachtsgedicht:<br \/>\nZum Weihnachtsbaum<br \/>\nFriede war im Wald und jeder Baum begl\u00fcckt, <\/strong><strong>durch sch\u00f6ne, reife Frucht, womit der Herbst geschm\u00fcckt,<\/strong><strong> die \u00c4ste all, dass jeder Zweig sich bieget bis hoch hinauf, wo leis&#8216; die Krone wieget.<br \/>\nDoch leider, wo&#8217;s zum Segen will gedeihn, da findet sich auch gern der Hochmut ein <\/strong><strong>und selbst der Neid. Und jeder wollt&#8216; sich prahlen, dass seine Frucht die sch\u00f6nste sei von allen, und jeder hing an seine l\u00e4ngsten \u00c4ste als stolzes Aush\u00e4ngeschild der Fr\u00fcchte beste.<br \/>\nEs war ein herrlich Wogen bis zur Spitze, ein Wetten, wer das beste wohl besitze.<br \/>\nNur eines litt im Wald viel Weh und Gram und barg sich ins Gestr\u00e4uch voll tiefer Scham.<br \/>\nEin Tannenb\u00e4umchen war&#8217;s gar schm\u00e4chtig, schlank, wohl aller Fr\u00fcchte, auch der \u00e4rmsten, blank,<br \/>\nund w\u00e4hrend andre stolz im vollen Prangen hat es an seinem Stamm nur Nadeln hangen,<br \/>\nnur dunkelgr\u00fcne Nadeln, scharf und spitz; sie stachen es, doch sch\u00e4rfer stach der Witz<br \/>\nder andren und der Hohn, gar schal und widrig dem schlichten B\u00e4umchen, weil&#8217;s so arm und niedig.<br \/>\nEs fl\u00fcsterte der Wald sich in die Ohren vom Taugenichts, der da umsonst geboren,<br \/>\nund warf ihm boshaft gar zum Spott und Schmach die ersten gelben, d\u00fcrren Bl\u00e4tter nach.<br \/>\nDas schnitt dem B\u00e4umchen tief ins junge Herz, es wollte schier vergehen in Leid und Schmerz<br \/>\nund weinte, tief bedr\u00e4ngt vom Weh, dem schweren das Harz heraus, die bittersten der Z\u00e4hren.<br \/>\nSo duldete das B\u00e4umchen still und fromm.<br \/>\nDa zog hernieder durch den m\u00e4chtigen Dom ein Engel aus des Himmels heiligen Hainen,<br \/>\nder sah den armen Dulder schmerzlich weinen.<br \/>\nEr lie\u00df sich erdenw\u00e4rts vom weiten Raum, zur armen Tanne sprechend: &#8220; Liebster Baum!<br \/>\nDu warst bisher verachtet und verflucht, doch tragen wirst du die sch\u00f6nste Frucht,<br \/>\ndie je ein Baum auf Erden, du sollst der Baum, der h\u00f6chsten Freude werden.&#8220;<br \/>\nWie wurde jetzt der Himmel tr\u00fcb und grau!<br \/>\nEs blies ein kalter Wind auf Heid&#8216; und Au&#8216;, er heulte durch den Wald voll wilder Hast<br \/>\nund r\u00fcttelte die letzte Frucht vom Ast.<br \/>\nOh, bald war jeder Baum, der einst geprahlt, der Frucht und Bl\u00e4tter bar, gar kahl und alt,<br \/>\nes fielen Flocken und es kr\u00e4chzten Raben, und sieh, der stolze Wald war wie begraben.<br \/>\nNur jenes B\u00e4umchen steht noch frisch und frei und gr\u00fcnt und fl\u00fcstert sanft wie einst im Mai.<br \/>\nUnd als die Heilige Nacht gekommen war, da schwebte durch den Wald die Engelschar<br \/>\nzum B\u00e4umchen zart und trug es durch die Nacht in festlich aufgegangener Strahlenpracht.\u00a0<\/strong><\/p>\n<h3 style=\"text-align: center;\"><strong>Bildung ist viel mehr, als nur Wissensansammlung, <\/strong><strong>Herzensbildung und sich f\u00fcr die Intuition \u00f6ffnen, beinhaltet ganzheitliches Wissen.<\/strong><\/h3>\n<h3 style=\"text-align: center;\"><strong>Mit diesen, meinen Gedanken, w\u00fcnsche ich einen besinnlichen 3. Advent.<\/strong><\/h3>\n<p>Roswitha Faist<\/p>\n","protected":false},"excerpt":{"rendered":"<p>Mit dabei Sein d\u00fcrfen, zur w\u00fcrdigen Gedenkfeier von Peter Rosegger in der Grazer Oper, war ein besinnliches Erlebnis von besonderer [&hellip;]<\/p>\n","protected":false},"author":5,"featured_media":1663,"comment_status":"open","ping_status":"open","sticky":false,"template":"","format":"standard","meta":{"footnotes":""},"categories":[19],"tags":[],"_links":{"self":[{"href":"https:\/\/roswitha-faist.at\/index.php?rest_route=\/wp\/v2\/posts\/1662"}],"collection":[{"href":"https:\/\/roswitha-faist.at\/index.php?rest_route=\/wp\/v2\/posts"}],"about":[{"href":"https:\/\/roswitha-faist.at\/index.php?rest_route=\/wp\/v2\/types\/post"}],"author":[{"embeddable":true,"href":"https:\/\/roswitha-faist.at\/index.php?rest_route=\/wp\/v2\/users\/5"}],"replies":[{"embeddable":true,"href":"https:\/\/roswitha-faist.at\/index.php?rest_route=%2Fwp%2Fv2%2Fcomments&post=1662"}],"version-history":[{"count":10,"href":"https:\/\/roswitha-faist.at\/index.php?rest_route=\/wp\/v2\/posts\/1662\/revisions"}],"predecessor-version":[{"id":2434,"href":"https:\/\/roswitha-faist.at\/index.php?rest_route=\/wp\/v2\/posts\/1662\/revisions\/2434"}],"wp:featuredmedia":[{"embeddable":true,"href":"https:\/\/roswitha-faist.at\/index.php?rest_route=\/wp\/v2\/media\/1663"}],"wp:attachment":[{"href":"https:\/\/roswitha-faist.at\/index.php?rest_route=%2Fwp%2Fv2%2Fmedia&parent=1662"}],"wp:term":[{"taxonomy":"category","embeddable":true,"href":"https:\/\/roswitha-faist.at\/index.php?rest_route=%2Fwp%2Fv2%2Fcategories&post=1662"},{"taxonomy":"post_tag","embeddable":true,"href":"https:\/\/roswitha-faist.at\/index.php?rest_route=%2Fwp%2Fv2%2Ftags&post=1662"}],"curies":[{"name":"wp","href":"https:\/\/api.w.org\/{rel}","templated":true}]}}