{"id":2700,"date":"2024-05-08T10:03:00","date_gmt":"2024-05-08T09:03:00","guid":{"rendered":"https:\/\/roswitha-faist.at\/?p=2700"},"modified":"2024-05-08T09:56:48","modified_gmt":"2024-05-08T08:56:48","slug":"clematis-waldrebe","status":"publish","type":"post","link":"https:\/\/roswitha-faist.at\/?p=2700","title":{"rendered":"Clematis\/Waldrebe"},"content":{"rendered":"\n<p class=\"has-vivid-purple-color has-text-color\">Die Bachbl\u00fcte<strong> C<\/strong>LEMATIS ist mit dem Seelenpotential des sch\u00f6pferischen Idealismus verbunden.<\/p>\n\n\n\n<p class=\"has-very-dark-gray-color has-text-color\">Meine Clematis in unserem Garten, die mich jedes Jahr mit einer reichen Bl\u00fctenpracht beschenkt, begleitet mich schon seit \u00fcber 29 Jahre. Ja kaum zu glauben ich hatte sie bereits auf dem Balkon in unserer Wohnung in Graz und sie ist sozusagen mit aufs Land gezogen, als wir in unser selbst gebautes Haus einzogen.<\/p>\n\n\n\n<p><\/p>\n\n\n\n<p class=\"has-vivid-purple-color has-text-color\">Menschen im CLEMATIS &#8211; ZUSTAND werden oft als Wanderer zwischen zwei Welten bezeichnet. <\/p>\n\n\n\n<p>Mit einigen Beispielen veranschauliche ich <strong>blockierte<\/strong><b> Clematis &#8211; Zust\u00e4nde:<\/b><\/p>\n\n\n\n<ul>\n<li>Man findet die Tr\u00e4ume sehr viel sch\u00f6ner als das Leben.<\/li>\n\n\n\n<li>Wenn man seiner momentanen Lebenssituation wenig Aufmerksamkeit schenkt und sich nach gl\u00fccklicheren Zeiten sehnt.<\/li>\n\n\n\n<li>Man hofft gerne auf eine bessere Zukunft, in der endlich die wahren menschlichen Ideale verwirklicht werden k\u00f6nnen.<\/li>\n\n\n\n<li>Man ist gleichg\u00fcltig und nimmt daher nicht am realen Leben teil.<\/li>\n\n\n\n<li>Man lebt zur\u00fcckgezogen in seiner Traumwelt.<\/li>\n\n\n\n<li>Man reagiert auf schlechte wie auf gute Nachrichten oft mit der gleichen Indifferenz.<\/li>\n\n\n\n<li>Oft nicht ausgelebte kreative Begabungen, wenn k\u00fcnstlerisch begabte Menschen in sogenannten trockenen Berufen ihr Geld verdienen.<\/li>\n<\/ul>\n\n\n\n<p class=\"has-vivid-red-color has-text-color\">Unterst\u00fctzende Empfehlungen im Clematis &#8211; Zustand: <\/p>\n\n\n\n<ul>\n<li>sch\u00f6pferische Hobbys, bei denen nicht genutztes kreatives Potential in die Materie transformiert wird, z.B.: Malen, Schreiben und \u00e4hnliches.<\/li>\n\n\n\n<li>Viel Licht und Sonne , sich viel in der Natur aufhalten;<\/li>\n\n\n\n<li>Yoga\u00fcbungen, Pilates, K\u00f6rperarbeit, Wandern usw.<\/li>\n<\/ul>\n\n\n\n<p class=\"has-luminous-vivid-amber-color has-text-color\">Potential im transformierten Clematis &#8211; Zustand:<\/p>\n\n\n\n<p>Man beherrscht seine Gedankenwelt und gewinnt der Realit\u00e4t t\u00e4glich neue Reize ab, weil man die Zusammenh\u00e4nge zwischen den verschiedenen Welten und den tieferen Sinn dahinter versteht und akzeptiert.<\/p>\n\n\n\n<p>Man kann sein kreatives Potential im Hier und Jetzt entfalten und seine Aufgaben in dieser Welt mit Freude erf\u00fcllen.<\/p>\n\n\n\n<p>Man besch\u00e4ftigt sich mit dem Prinzip &#8220; wie innen &#8211; so au\u00dfen, wie oben &#8211; so auch unten&#8220;,  theoretisch und praktisch.<\/p>\n\n\n\n<p class=\"has-text-align-center has-vivid-purple-color has-text-color\"><strong>QUINTESSENZ VON CLEAMTIS:<\/strong><\/p>\n\n\n\n<p class=\"has-vivid-purple-color has-text-color\"><b>&#8220; Ich erkenne immer mehr die Zusammenh\u00e4nge zwischen Innenwelt und Au\u00dfenwelt. Meine Aufgabe liegt in der konkreten Ge<\/b><strong>genwart.&#8220;<\/strong><\/p>\n\n\n\n<p class=\"has-text-align-center has-vivid-red-color has-text-color\"><b>ICH SETZE MEINE IDEALE UND TR\u00c4UME IN DIE TAT UM<\/b>. <\/p>\n\n\n\n<p class=\"has-text-align-center has-vivid-red-color has-text-color\"><b>ICH BIN EIN MITGESTALTER  GOTTES AUF ERDEN:<\/b> <\/p>\n\n\n\n<p><\/p>\n\n\n\n<p>Roswitha Faist<\/p>\n\n\n\n<p>Fotoquelle: Roswitha Faist<\/p>\n\n\n\n<p><\/p>\n\n\n\n<p><\/p>\n\n\n\n<p><\/p>\n\n\n\n<p><\/p>\n\n\n\n<p><\/p>\n\n\n\n<p><\/p>\n\n\n\n<div class=\"wp-block-media-text alignwide\"><figure class=\"wp-block-media-text__media\"><\/figure><div class=\"wp-block-media-text__content\">\n<p class=\"has-large-font-size\"><\/p>\n<\/div><\/div>\n\n\n\n<p><\/p>\n\n\n\n<p><\/p>\n\n\n\n\n\n<p><\/p>\n","protected":false},"excerpt":{"rendered":"<p>Die Bachbl\u00fcte CLEMATIS ist mit dem Seelenpotential des sch\u00f6pferischen Idealismus verbunden. Meine Clematis in unserem Garten, die mich jedes Jahr [&hellip;]<\/p>\n","protected":false},"author":5,"featured_media":2709,"comment_status":"open","ping_status":"open","sticky":false,"template":"","format":"standard","meta":{"footnotes":""},"categories":[16,18],"tags":[],"_links":{"self":[{"href":"https:\/\/roswitha-faist.at\/index.php?rest_route=\/wp\/v2\/posts\/2700"}],"collection":[{"href":"https:\/\/roswitha-faist.at\/index.php?rest_route=\/wp\/v2\/posts"}],"about":[{"href":"https:\/\/roswitha-faist.at\/index.php?rest_route=\/wp\/v2\/types\/post"}],"author":[{"embeddable":true,"href":"https:\/\/roswitha-faist.at\/index.php?rest_route=\/wp\/v2\/users\/5"}],"replies":[{"embeddable":true,"href":"https:\/\/roswitha-faist.at\/index.php?rest_route=%2Fwp%2Fv2%2Fcomments&post=2700"}],"version-history":[{"count":13,"href":"https:\/\/roswitha-faist.at\/index.php?rest_route=\/wp\/v2\/posts\/2700\/revisions"}],"predecessor-version":[{"id":5195,"href":"https:\/\/roswitha-faist.at\/index.php?rest_route=\/wp\/v2\/posts\/2700\/revisions\/5195"}],"wp:featuredmedia":[{"embeddable":true,"href":"https:\/\/roswitha-faist.at\/index.php?rest_route=\/wp\/v2\/media\/2709"}],"wp:attachment":[{"href":"https:\/\/roswitha-faist.at\/index.php?rest_route=%2Fwp%2Fv2%2Fmedia&parent=2700"}],"wp:term":[{"taxonomy":"category","embeddable":true,"href":"https:\/\/roswitha-faist.at\/index.php?rest_route=%2Fwp%2Fv2%2Fcategories&post=2700"},{"taxonomy":"post_tag","embeddable":true,"href":"https:\/\/roswitha-faist.at\/index.php?rest_route=%2Fwp%2Fv2%2Ftags&post=2700"}],"curies":[{"name":"wp","href":"https:\/\/api.w.org\/{rel}","templated":true}]}}